{"id":6890,"date":"2025-11-15T11:33:37","date_gmt":"2025-11-15T10:33:37","guid":{"rendered":"https:\/\/mbhcomunicacion.com\/?p=6890"},"modified":"2025-11-15T11:33:41","modified_gmt":"2025-11-15T10:33:41","slug":"isabel-dobarro-latin-gramm","status":"publish","type":"post","link":"https:\/\/mbhcomunicacion.com\/en\/2025\/11\/15\/isabel-dobarro-latin-gramm\/","title":{"rendered":"ISABEL DOBARRO LOGRA EL PREMIO LATIN GRAMMY 2025 A MEJOR\u00a0 \u00c1LBUM DE M\u00daSICA CL\u00c1SICA POR SU PRIMER DISCO \u2018KALEIDOSCOPE\u2019"},"content":{"rendered":"<p class=\"has-text-align-justify wp-block-paragraph\" style=\"font-style:normal;font-weight:700\"><strong><strong><strong><strong><strong><strong><strong><strong><strong><strong>La pianista espa\u00f1ola Isabel Dobarro ha conseguido el Premio Latin Grammy 2025 a Mejor\u00a0 \u00c1lbum de M\u00fasica Cl\u00e1sica por su primer disco en solitario \u2018Kaleidoscope\u2019 (Naxos-Grand Piano)\u00a0 en la gala que tuvo lugar este jueves d\u00eda 13 de noviembre en el MGM Grand Garden Arena\u00a0 de Las Vegas (Nevada, Estados Unidos). La artista gallega de 33 a\u00f1os, considerada una de las int\u00e9rpretes de su generaci\u00f3n con mayor proyecci\u00f3n internacional, ha brillado en este\u00a0 firmamento musical mundial junto a otros premiados de nuestro pa\u00eds como Alejandro Sanz, Aitana, Rafael Serrallet y Las Migas. Hac\u00eda 11 a\u00f1os que un artista espa\u00f1ol no recib\u00eda semejante\u00a0 distinci\u00f3n en esta categor\u00eda, tras el galard\u00f3n obtenido por Pl\u00e1cido Domingo en 2014.\u00a0<\/strong><br><\/strong><\/strong><\/strong><\/strong><\/strong><\/strong><\/strong><\/strong><\/strong><\/p>\n\n\n\n<div style=\"height:50px\" aria-hidden=\"true\" class=\"wp-block-spacer\"><\/div>\n\n\n\n<p class=\"has-text-align-justify wp-block-paragraph\" style=\"font-style:normal;font-weight:700\"><strong>\u2018Kaleidoscope\u2019 incluye un repertorio \u00fanico compuesto por obras de las grandes compositoras\u00a0 de nuestro tiempo. Tania Le\u00f3n, Julia Wolfe, Yoko Kanno o Gabriela Ortiz son algunos de los\u00a0 grandes nombres en un viaje sonoro por artistas estadounidenses, latinoamericanas, de ra\u00edces\u00a0 africanas, europeas, asi\u00e1ticas o australianas. \u2018Kaleidoscope\u2019 celebra la uni\u00f3n en la diversidad\u00a0 a trav\u00e9s del lenguaje universal de la m\u00fasica mediante composiciones de autoras procedentes\u00a0 de todas partes del mundo. Un caleidoscopio sonoro de muy distintas est\u00e9ticas y perspectivas.\u00a0\u00a0<\/strong><\/p>\n\n\n\n<div style=\"height:100px\" aria-hidden=\"true\" class=\"wp-block-spacer\"><\/div>\n\n\n\n<p class=\"has-text-align-justify wp-block-paragraph\" style=\"font-style:normal;font-weight:700\"><strong><strong><strong>\u201cESTE \u00c1LBUM TIENE COMO PROP\u00d3SITO VISIBILIZAR A LA MUJER EN LA M\u00daSICA CL\u00c1SICA\u201d\u00a0<\/strong><\/strong><\/strong><\/p>\n\n\n\n<p class=\"has-text-align-justify wp-block-paragraph\" style=\"font-style:normal;font-weight:400\">\u201cEs una emoci\u00f3n enorme. Mi primera nominaci\u00f3n y mi primer galard\u00f3n. Adem\u00e1s, he tenido la suerte\u00a0 de que mi familia viniera conmigo\u201d, ha reconocido Isabel Dobarro al t\u00e9rmino de la gala. Sus primeros\u00a0 pensamientos nada m\u00e1s recibir el premio han sido para \u201ctodo el trabajo que supuso el disco y la\u00a0 maravillosa gente que lo ha apoyado. Por supuesto, mi familia y mi marido, que han estado siempre\u00a0 ah\u00ed y que me han apoyado durante todo el proceso. Me siento muy agradecida a todas las personas\u00a0 que han hecho posible \u2018Kaleidoscope\u2019. Entre ellas, Javier Monteverde, su ingeniero y productor;\u00a0 Manuel Garc\u00eda Orozco y Patricia Kleinman, que colaboraron con las notas al programa; el sello\u00a0 Naxos Grand Piano, que confi\u00f3 en este proyecto desde el primer momento; o Mar\u00eda Victoria Montalvo,\u00a0 esencial en el proceso de conseguir la discogr\u00e1fica\u201d, ha a\u00f1adido Dobarro.\u00a0\u00a0<\/p>\n\n\n\n<div style=\"height:50px\" aria-hidden=\"true\" class=\"wp-block-spacer\"><\/div>\n\n\n\n<p class=\"has-text-align-justify wp-block-paragraph\" style=\"font-style:normal;font-weight:700\"><\/p>\n\n\n\n<p class=\"has-text-align-justify wp-block-paragraph\" style=\"font-style:normal;font-weight:400\">\u201cEste disco tiene como prop\u00f3sito la visibilizaci\u00f3n de la mujer en la m\u00fasica cl\u00e1sica y era muy importante\u00a0 que su trabajo se viese reflejado de la mejor manera posible. Poder colaborar con ellas ha sido un\u00a0 inmenso honor. Pienso en todas ellas, pero de manera particular en Claudia Montero, que ha fallecido\u00a0 muy joven. Hablamos en su d\u00eda de que grabar\u00eda su obra, de que la tocar\u00eda en el Teatro Col\u00f3n e igual\u00a0 alg\u00fan d\u00eda ganar\u00eda un Latin Grammy. Las tres cosas sucedieron, as\u00ed que obviamente dedicado a ella\u00a0 y dedicado a cada una de las compositoras del disco\u201d, ha reflexionado la pianista espa\u00f1ola.\u00a0\u00a0<\/p>\n\n\n\n<div style=\"height:50px\" aria-hidden=\"true\" class=\"wp-block-spacer\"><\/div>\n\n\n\n<p class=\"has-text-align-justify wp-block-paragraph\" style=\"font-style:normal;font-weight:400\">\u201cEl balance de \u2018Kaleidoscope\u2019 es extraordinario, muy por encima de cualquier expectativa inicial.\u00a0 Adem\u00e1s de este Latin Grammy, ha tenido otros premios, como el Premio Latino, dos medallas de plata\u00a0 en los Global Music Awards, el Mel\u00f3mano de Oro, RAI Italia le dedic\u00f3 un programa entero, tambi\u00e9n\u00a0 han hablado de \u00e9l en Estados Unidos, Reino Unido, Alemania y pude tocarlo en el Teatro Col\u00f3n de\u00a0 Buenos Aires, un teatro m\u00edtico. \u2018Kaleidoscope\u2019 me ha dado much\u00edsimas alegr\u00edas\u201d, ha concluido.\u00a0\u00a0<\/p>\n\n\n\n<div style=\"height:50px\" aria-hidden=\"true\" class=\"wp-block-spacer\"><\/div>\n\n\n\n<p class=\"has-text-align-justify wp-block-paragraph\" style=\"font-style:normal;font-weight:700\"><strong><strong>\u2018MUJER A SEGUIR EN LA CULTURA\u2019 COMO PIANISTA, ARTISTA POLIFAC\u00c9TICA Y ACTIVISTA\u00a0<\/strong><\/strong><\/p>\n\n\n\n<p class=\"has-text-align-justify wp-block-paragraph\">Isabel Dobarro ha actuado en Estados Unidos, Espa\u00f1a, Alemania, Francia, Rusia, B\u00e9lgica, Argentina, Italia o Portugal. Ha tocado en el Carnegie Hall de Nueva York, el Teatro Col\u00f3n de Buenos Aires,\u00a0 la sala Rachmaninoff del conservatorio Tchaikovsky de Mosc\u00fa, la Casina Pio IV en la Ciudad del\u00a0 Vaticano, el Balassi Center en Bruselas, el Palau de la M\u00fasica Catalana de Barcelona o en el Auditorio\u00a0 Nacional de M\u00fasica de Madrid. Destaca su trabajo en la recuperaci\u00f3n de obras de compositoras.\u00a0 Asimismo, lleva a cabo m\u00faltiples proyectos que buscan la interacci\u00f3n entre los Objetivos de Desarrollo\u00a0 Sostenible de la ONU y las artes. Ha sido nombrada \u2018Mujer a Seguir en la Cultura\u2019, Premio Executivas\u00a0 de Galicia, finalista en los Future Women in Classical Music de Londres y es doctora por la New York\u00a0 University. Se ha formado en la Universidad de Harvard, IE University, Manhattan School of Music y\u00a0 Real Conservatorio Superior de M\u00fasica de Madrid.\u00a0<\/p>\n\n\n\n<div style=\"height:100px\" aria-hidden=\"true\" class=\"wp-block-spacer\"><\/div>\n\n\n\n<div class=\"wp-block-buttons is-content-justification-center is-layout-flex wp-container-core-buttons-is-layout-3e41869c wp-block-buttons-is-layout-flex\">\n<div class=\"wp-block-button is-style-outline is-style-outline--1\"><a class=\"wp-block-button__link has-foreground-color has-text-color wp-element-button\" href=\"https:\/\/drive.google.com\/drive\/folders\/1J3_v6_SGwNbV5fPfgHBwqiySU-aomsT4?usp=drive_link\" target=\"_blank\" rel=\"noreferrer noopener\">M\u00e1s informaci\u00f3n<\/a><\/div>\n<\/div>\n\n\n\n<p class=\"has-text-align-justify wp-block-paragraph\" style=\"font-style:normal;font-weight:700\"><\/p>\n\n\n\n<p class=\"wp-block-paragraph\"><\/p>","protected":false},"excerpt":{"rendered":"<p>La pianista espa\u00f1ola Isabel Dobarro ha conseguido el Premio Latin Grammy 2025 a Mejor \u00c1lbum de M\u00fasica Cl\u00e1sica por su primer disco en solitario \u2018Kaleidoscope\u2019 (Naxos-Grand Piano).<\/p>","protected":false},"author":42497691,"featured_media":6893,"comment_status":"open","ping_status":"open","sticky":false,"template":"","format":"standard","meta":{"_jetpack_newsletter_access":"","_jetpack_dont_email_post_to_subs":false,"_jetpack_newsletter_tier_id":0,"_jetpack_memberships_contains_paywalled_content":false,"_wpcom_ai_launchpad_first_post":false,"_jetpack_feature_clip_id":0,"_jetpack_memberships_contains_paid_content":false,"footnotes":"","jetpack_publicize_message":"{title}\n\n{excerpt}\n\n{url}","jetpack_publicize_feature_enabled":true,"jetpack_social_post_already_shared":true,"jetpack_social_options":{"image_generator_settings":{"template":"highway","default_image_id":0,"font":"","enabled":false},"version":2},"_wpas_customize_per_network":false,"jetpack_post_was_ever_published":false},"categories":[1771],"tags":[],"class_list":["post-6890","post","type-post","status-publish","format-standard","has-post-thumbnail","hentry","category-sin-categoria","entry"],"yoast_head":"<!-- This site is optimized with the Yoast SEO plugin v28.4 - https:\/\/yoast.com\/product\/yoast-seo-wordpress\/ -->\n<title>ISABEL DOBARRO consigue un Premio Latin Grammy 2025<\/title>\n<meta name=\"description\" content=\"La pianista espa\u00f1ola Isabel Dobarro ha conseguido el Premio Latin Grammy 2025 a Mejor \u00c1lbum de M\u00fasica Cl\u00e1sica por su disco \u2018Kaleidoscope\u2019.\" \/>\n<meta name=\"robots\" content=\"index, follow, max-snippet:-1, max-image-preview:large, max-video-preview:-1\" \/>\n<link rel=\"canonical\" href=\"https:\/\/mbhcomunicacion.com\/en\/2025\/11\/15\/isabel-dobarro-latin-gramm\/\" \/>\n<meta property=\"og:locale\" content=\"en_GB\" \/>\n<meta property=\"og:type\" content=\"article\" \/>\n<meta property=\"og:title\" content=\"ISABEL DOBARRO consigue un Premio Latin Grammy 2025\" \/>\n<meta property=\"og:description\" content=\"La pianista espa\u00f1ola Isabel Dobarro ha conseguido el Premio Latin Grammy 2025 a Mejor \u00c1lbum de M\u00fasica Cl\u00e1sica por su disco \u2018Kaleidoscope\u2019.\" \/>\n<meta property=\"og:url\" content=\"https:\/\/mbhcomunicacion.com\/en\/2025\/11\/15\/isabel-dobarro-latin-gramm\/\" \/>\n<meta property=\"og:site_name\" content=\"MBH Comunicaci\u00f3n\" \/>\n<meta property=\"article:publisher\" content=\"https:\/\/www.facebook.com\/MBHComunicacion\" \/>\n<meta property=\"article:published_time\" content=\"2025-11-15T10:33:37+00:00\" \/>\n<meta property=\"article:modified_time\" content=\"2025-11-15T10:33:41+00:00\" \/>\n<meta property=\"og:image\" content=\"https:\/\/mbhcomunicacion.com\/wp-content\/uploads\/2025\/11\/1_Isabel-Dobarro_3.jpeg\" \/>\n\t<meta property=\"og:image:width\" content=\"1600\" \/>\n\t<meta property=\"og:image:height\" content=\"1066\" \/>\n\t<meta property=\"og:image:type\" content=\"image\/jpeg\" \/>\n<meta name=\"author\" content=\"MBH COMUNICACI\u00d3N\" \/>\n<meta name=\"twitter:card\" content=\"summary_large_image\" \/>\n<meta name=\"twitter:creator\" content=\"@MbhComunicacion\" \/>\n<meta name=\"twitter:site\" content=\"@MbhComunicacion\" \/>\n<meta name=\"twitter:label1\" content=\"Written by\" \/>\n\t<meta name=\"twitter:data1\" content=\"MBH COMUNICACI\u00d3N\" \/>\n\t<meta name=\"twitter:label2\" content=\"Estimated reading time\" \/>\n\t<meta name=\"twitter:data2\" content=\"4 minutes\" \/>\n<script type=\"application\/ld+json\" class=\"yoast-schema-graph\">{\"@context\":\"https:\\\/\\\/schema.org\",\"@graph\":[{\"@type\":\"Article\",\"@id\":\"https:\\\/\\\/mbhcomunicacion.com\\\/2025\\\/11\\\/15\\\/isabel-dobarro-latin-gramm\\\/#article\",\"isPartOf\":{\"@id\":\"https:\\\/\\\/mbhcomunicacion.com\\\/2025\\\/11\\\/15\\\/isabel-dobarro-latin-gramm\\\/\"},\"author\":{\"name\":\"MBH COMUNICACI\u00d3N\",\"@id\":\"https:\\\/\\\/mbhcomunicacion.com\\\/#\\\/schema\\\/person\\\/73c1d9a856b729b55c5cc01e78e93126\"},\"headline\":\"ISABEL DOBARRO LOGRA EL PREMIO LATIN GRAMMY 2025 A MEJOR\u00a0 \u00c1LBUM DE M\u00daSICA CL\u00c1SICA POR SU PRIMER DISCO \u2018KALEIDOSCOPE\u2019\",\"datePublished\":\"2025-11-15T10:33:37+00:00\",\"dateModified\":\"2025-11-15T10:33:41+00:00\",\"mainEntityOfPage\":{\"@id\":\"https:\\\/\\\/mbhcomunicacion.com\\\/2025\\\/11\\\/15\\\/isabel-dobarro-latin-gramm\\\/\"},\"wordCount\":782,\"commentCount\":0,\"publisher\":{\"@id\":\"https:\\\/\\\/mbhcomunicacion.com\\\/#organization\"},\"image\":{\"@id\":\"https:\\\/\\\/mbhcomunicacion.com\\\/2025\\\/11\\\/15\\\/isabel-dobarro-latin-gramm\\\/#primaryimage\"},\"thumbnailUrl\":\"https:\\\/\\\/i0.wp.com\\\/mbhcomunicacion.com\\\/wp-content\\\/uploads\\\/2025\\\/11\\\/1_Isabel-Dobarro_3.jpeg?fit=1600%2C1066&ssl=1\",\"articleSection\":[\"Sin categor\u00eda\"],\"inLanguage\":\"en-GB\",\"potentialAction\":[{\"@type\":\"CommentAction\",\"name\":\"Comment\",\"target\":[\"https:\\\/\\\/mbhcomunicacion.com\\\/2025\\\/11\\\/15\\\/isabel-dobarro-latin-gramm\\\/#respond\"]}]},{\"@type\":\"WebPage\",\"@id\":\"https:\\\/\\\/mbhcomunicacion.com\\\/2025\\\/11\\\/15\\\/isabel-dobarro-latin-gramm\\\/\",\"url\":\"https:\\\/\\\/mbhcomunicacion.com\\\/2025\\\/11\\\/15\\\/isabel-dobarro-latin-gramm\\\/\",\"name\":\"ISABEL DOBARRO consigue un Premio Latin Grammy 2025\",\"isPartOf\":{\"@id\":\"https:\\\/\\\/mbhcomunicacion.com\\\/#website\"},\"primaryImageOfPage\":{\"@id\":\"https:\\\/\\\/mbhcomunicacion.com\\\/2025\\\/11\\\/15\\\/isabel-dobarro-latin-gramm\\\/#primaryimage\"},\"image\":{\"@id\":\"https:\\\/\\\/mbhcomunicacion.com\\\/2025\\\/11\\\/15\\\/isabel-dobarro-latin-gramm\\\/#primaryimage\"},\"thumbnailUrl\":\"https:\\\/\\\/i0.wp.com\\\/mbhcomunicacion.com\\\/wp-content\\\/uploads\\\/2025\\\/11\\\/1_Isabel-Dobarro_3.jpeg?fit=1600%2C1066&ssl=1\",\"datePublished\":\"2025-11-15T10:33:37+00:00\",\"dateModified\":\"2025-11-15T10:33:41+00:00\",\"description\":\"La pianista espa\u00f1ola Isabel Dobarro ha conseguido el Premio Latin Grammy 2025 a Mejor \u00c1lbum de M\u00fasica Cl\u00e1sica por su disco \u2018Kaleidoscope\u2019.\",\"breadcrumb\":{\"@id\":\"https:\\\/\\\/mbhcomunicacion.com\\\/2025\\\/11\\\/15\\\/isabel-dobarro-latin-gramm\\\/#breadcrumb\"},\"inLanguage\":\"en-GB\",\"potentialAction\":[{\"@type\":\"ReadAction\",\"target\":[\"https:\\\/\\\/mbhcomunicacion.com\\\/2025\\\/11\\\/15\\\/isabel-dobarro-latin-gramm\\\/\"]}]},{\"@type\":\"ImageObject\",\"inLanguage\":\"en-GB\",\"@id\":\"https:\\\/\\\/mbhcomunicacion.com\\\/2025\\\/11\\\/15\\\/isabel-dobarro-latin-gramm\\\/#primaryimage\",\"url\":\"https:\\\/\\\/i0.wp.com\\\/mbhcomunicacion.com\\\/wp-content\\\/uploads\\\/2025\\\/11\\\/1_Isabel-Dobarro_3.jpeg?fit=1600%2C1066&ssl=1\",\"contentUrl\":\"https:\\\/\\\/i0.wp.com\\\/mbhcomunicacion.com\\\/wp-content\\\/uploads\\\/2025\\\/11\\\/1_Isabel-Dobarro_3.jpeg?fit=1600%2C1066&ssl=1\",\"width\":1600,\"height\":1066},{\"@type\":\"BreadcrumbList\",\"@id\":\"https:\\\/\\\/mbhcomunicacion.com\\\/2025\\\/11\\\/15\\\/isabel-dobarro-latin-gramm\\\/#breadcrumb\",\"itemListElement\":[{\"@type\":\"ListItem\",\"position\":1,\"name\":\"Portada\",\"item\":\"https:\\\/\\\/mbhcomunicacion.com\\\/\"},{\"@type\":\"ListItem\",\"position\":2,\"name\":\"ISABEL DOBARRO LOGRA EL PREMIO LATIN GRAMMY 2025 A MEJOR\u00a0 \u00c1LBUM DE M\u00daSICA CL\u00c1SICA POR SU PRIMER DISCO \u2018KALEIDOSCOPE\u2019\"}]},{\"@type\":\"WebSite\",\"@id\":\"https:\\\/\\\/mbhcomunicacion.com\\\/#website\",\"url\":\"https:\\\/\\\/mbhcomunicacion.com\\\/\",\"name\":\"MBH Comunicaci\u00f3n\",\"description\":\"MBH desarrolla estrategias de comunicaci\u00f3n en el \u00e1mbito cultural en Espa\u00f1a, generando proyectos personalizados y contenidos audiovisuales con una narrativa \u00fanica para su difusi\u00f3n en medios generalistas de m\u00e1xima audiencia.\",\"publisher\":{\"@id\":\"https:\\\/\\\/mbhcomunicacion.com\\\/#organization\"},\"potentialAction\":[{\"@type\":\"SearchAction\",\"target\":{\"@type\":\"EntryPoint\",\"urlTemplate\":\"https:\\\/\\\/mbhcomunicacion.com\\\/?s={search_term_string}\"},\"query-input\":{\"@type\":\"PropertyValueSpecification\",\"valueRequired\":true,\"valueName\":\"search_term_string\"}}],\"inLanguage\":\"en-GB\"},{\"@type\":\"Organization\",\"@id\":\"https:\\\/\\\/mbhcomunicacion.com\\\/#organization\",\"name\":\"MBH Comunicaci\u00f3n\",\"url\":\"https:\\\/\\\/mbhcomunicacion.com\\\/\",\"logo\":{\"@type\":\"ImageObject\",\"inLanguage\":\"en-GB\",\"@id\":\"https:\\\/\\\/mbhcomunicacion.com\\\/#\\\/schema\\\/logo\\\/image\\\/\",\"url\":\"https:\\\/\\\/i0.wp.com\\\/mbhcomunicacion.es\\\/wp-content\\\/uploads\\\/2021\\\/12\\\/cabecera-web2.png?fit=2000%2C380&ssl=1\",\"contentUrl\":\"https:\\\/\\\/i0.wp.com\\\/mbhcomunicacion.es\\\/wp-content\\\/uploads\\\/2021\\\/12\\\/cabecera-web2.png?fit=2000%2C380&ssl=1\",\"width\":2000,\"height\":380,\"caption\":\"MBH Comunicaci\u00f3n\"},\"image\":{\"@id\":\"https:\\\/\\\/mbhcomunicacion.com\\\/#\\\/schema\\\/logo\\\/image\\\/\"},\"sameAs\":[\"https:\\\/\\\/www.facebook.com\\\/MBHComunicacion\",\"https:\\\/\\\/x.com\\\/MbhComunicacion\",\"https:\\\/\\\/www.instagram.com\\\/mbh_comunicacion\\\/?hl=es\",\"https:\\\/\\\/www.youtube.com\\\/channel\\\/UCfCmvO_r4M6rMH2-00qF1eA\"]},{\"@type\":\"Person\",\"@id\":\"https:\\\/\\\/mbhcomunicacion.com\\\/#\\\/schema\\\/person\\\/73c1d9a856b729b55c5cc01e78e93126\",\"name\":\"MBH COMUNICACI\u00d3N\",\"image\":{\"@type\":\"ImageObject\",\"inLanguage\":\"en-GB\",\"@id\":\"https:\\\/\\\/secure.gravatar.com\\\/avatar\\\/4df1f849d1c24d0e8eba302f9e5816433aab4f78fb3efe56407b22ea0183742f?s=96&d=identicon&r=g\",\"url\":\"https:\\\/\\\/secure.gravatar.com\\\/avatar\\\/4df1f849d1c24d0e8eba302f9e5816433aab4f78fb3efe56407b22ea0183742f?s=96&d=identicon&r=g\",\"contentUrl\":\"https:\\\/\\\/secure.gravatar.com\\\/avatar\\\/4df1f849d1c24d0e8eba302f9e5816433aab4f78fb3efe56407b22ea0183742f?s=96&d=identicon&r=g\",\"caption\":\"MBH COMUNICACI\u00d3N\"},\"description\":\"MBH es una agencia de comunicaci\u00f3n dirigida por Marcos Blanco, profesional con casi 20 a\u00f1os de experiencia en el sector y que ha sido anteriormente Responsable de Comunicaci\u00f3n y Marketing en IMPACTA (2016-2021). MBH desarrolla estrategias de comunicaci\u00f3n en el \u00e1mbito art\u00edstico y cultural en Espa\u00f1a, generando en torno a cada proyecto una narrativa personalizada y \u00fanica que posteriormente tiene difusi\u00f3n en medios generalistas y de m\u00e1xima audiencia. MBH garantiza la m\u00e1xima profesionalidad, un gran conocimiento del sector, de los medios de comunicaci\u00f3n y una pasi\u00f3n por el trabajo realizado que se percibe en esos peque\u00f1os detalles que marcan la diferencia desde el comienzo del proyecto.\",\"sameAs\":[\"http:\\\/\\\/www.marcosblancohermida.com\"],\"url\":\"https:\\\/\\\/mbhcomunicacion.com\\\/en\\\/author\\\/marcosblancohermida\\\/\"}]}<\/script>\n<!-- \/ Yoast SEO plugin. -->","yoast_head_json":{"title":"ISABEL DOBARRO consigue un Premio Latin Grammy 2025","description":"La pianista espa\u00f1ola Isabel Dobarro ha conseguido el Premio Latin Grammy 2025 a Mejor \u00c1lbum de M\u00fasica Cl\u00e1sica por su disco \u2018Kaleidoscope\u2019.","robots":{"index":"index","follow":"follow","max-snippet":"max-snippet:-1","max-image-preview":"max-image-preview:large","max-video-preview":"max-video-preview:-1"},"canonical":"https:\/\/mbhcomunicacion.com\/en\/2025\/11\/15\/isabel-dobarro-latin-gramm\/","og_locale":"en_GB","og_type":"article","og_title":"ISABEL DOBARRO consigue un Premio Latin Grammy 2025","og_description":"La pianista espa\u00f1ola Isabel Dobarro ha conseguido el Premio Latin Grammy 2025 a Mejor \u00c1lbum de M\u00fasica Cl\u00e1sica por su disco \u2018Kaleidoscope\u2019.","og_url":"https:\/\/mbhcomunicacion.com\/en\/2025\/11\/15\/isabel-dobarro-latin-gramm\/","og_site_name":"MBH Comunicaci\u00f3n","article_publisher":"https:\/\/www.facebook.com\/MBHComunicacion","article_published_time":"2025-11-15T10:33:37+00:00","article_modified_time":"2025-11-15T10:33:41+00:00","og_image":[{"width":1600,"height":1066,"url":"https:\/\/mbhcomunicacion.com\/wp-content\/uploads\/2025\/11\/1_Isabel-Dobarro_3.jpeg","type":"image\/jpeg"}],"author":"MBH COMUNICACI\u00d3N","twitter_card":"summary_large_image","twitter_creator":"@MbhComunicacion","twitter_site":"@MbhComunicacion","twitter_misc":{"Written by":"MBH COMUNICACI\u00d3N","Estimated reading time":"4 minutes"},"schema":{"@context":"https:\/\/schema.org","@graph":[{"@type":"Article","@id":"https:\/\/mbhcomunicacion.com\/2025\/11\/15\/isabel-dobarro-latin-gramm\/#article","isPartOf":{"@id":"https:\/\/mbhcomunicacion.com\/2025\/11\/15\/isabel-dobarro-latin-gramm\/"},"author":{"name":"MBH COMUNICACI\u00d3N","@id":"https:\/\/mbhcomunicacion.com\/#\/schema\/person\/73c1d9a856b729b55c5cc01e78e93126"},"headline":"ISABEL DOBARRO LOGRA EL PREMIO LATIN GRAMMY 2025 A MEJOR\u00a0 \u00c1LBUM DE M\u00daSICA CL\u00c1SICA POR SU PRIMER DISCO \u2018KALEIDOSCOPE\u2019","datePublished":"2025-11-15T10:33:37+00:00","dateModified":"2025-11-15T10:33:41+00:00","mainEntityOfPage":{"@id":"https:\/\/mbhcomunicacion.com\/2025\/11\/15\/isabel-dobarro-latin-gramm\/"},"wordCount":782,"commentCount":0,"publisher":{"@id":"https:\/\/mbhcomunicacion.com\/#organization"},"image":{"@id":"https:\/\/mbhcomunicacion.com\/2025\/11\/15\/isabel-dobarro-latin-gramm\/#primaryimage"},"thumbnailUrl":"https:\/\/i0.wp.com\/mbhcomunicacion.com\/wp-content\/uploads\/2025\/11\/1_Isabel-Dobarro_3.jpeg?fit=1600%2C1066&ssl=1","articleSection":["Sin categor\u00eda"],"inLanguage":"en-GB","potentialAction":[{"@type":"CommentAction","name":"Comment","target":["https:\/\/mbhcomunicacion.com\/2025\/11\/15\/isabel-dobarro-latin-gramm\/#respond"]}]},{"@type":"WebPage","@id":"https:\/\/mbhcomunicacion.com\/2025\/11\/15\/isabel-dobarro-latin-gramm\/","url":"https:\/\/mbhcomunicacion.com\/2025\/11\/15\/isabel-dobarro-latin-gramm\/","name":"ISABEL DOBARRO consigue un Premio Latin Grammy 2025","isPartOf":{"@id":"https:\/\/mbhcomunicacion.com\/#website"},"primaryImageOfPage":{"@id":"https:\/\/mbhcomunicacion.com\/2025\/11\/15\/isabel-dobarro-latin-gramm\/#primaryimage"},"image":{"@id":"https:\/\/mbhcomunicacion.com\/2025\/11\/15\/isabel-dobarro-latin-gramm\/#primaryimage"},"thumbnailUrl":"https:\/\/i0.wp.com\/mbhcomunicacion.com\/wp-content\/uploads\/2025\/11\/1_Isabel-Dobarro_3.jpeg?fit=1600%2C1066&ssl=1","datePublished":"2025-11-15T10:33:37+00:00","dateModified":"2025-11-15T10:33:41+00:00","description":"La pianista espa\u00f1ola Isabel Dobarro ha conseguido el Premio Latin Grammy 2025 a Mejor \u00c1lbum de M\u00fasica Cl\u00e1sica por su disco \u2018Kaleidoscope\u2019.","breadcrumb":{"@id":"https:\/\/mbhcomunicacion.com\/2025\/11\/15\/isabel-dobarro-latin-gramm\/#breadcrumb"},"inLanguage":"en-GB","potentialAction":[{"@type":"ReadAction","target":["https:\/\/mbhcomunicacion.com\/2025\/11\/15\/isabel-dobarro-latin-gramm\/"]}]},{"@type":"ImageObject","inLanguage":"en-GB","@id":"https:\/\/mbhcomunicacion.com\/2025\/11\/15\/isabel-dobarro-latin-gramm\/#primaryimage","url":"https:\/\/i0.wp.com\/mbhcomunicacion.com\/wp-content\/uploads\/2025\/11\/1_Isabel-Dobarro_3.jpeg?fit=1600%2C1066&ssl=1","contentUrl":"https:\/\/i0.wp.com\/mbhcomunicacion.com\/wp-content\/uploads\/2025\/11\/1_Isabel-Dobarro_3.jpeg?fit=1600%2C1066&ssl=1","width":1600,"height":1066},{"@type":"BreadcrumbList","@id":"https:\/\/mbhcomunicacion.com\/2025\/11\/15\/isabel-dobarro-latin-gramm\/#breadcrumb","itemListElement":[{"@type":"ListItem","position":1,"name":"Portada","item":"https:\/\/mbhcomunicacion.com\/"},{"@type":"ListItem","position":2,"name":"ISABEL DOBARRO LOGRA EL PREMIO LATIN GRAMMY 2025 A MEJOR\u00a0 \u00c1LBUM DE M\u00daSICA CL\u00c1SICA POR SU PRIMER DISCO \u2018KALEIDOSCOPE\u2019"}]},{"@type":"WebSite","@id":"https:\/\/mbhcomunicacion.com\/#website","url":"https:\/\/mbhcomunicacion.com\/","name":"MBH Comunicaci\u00f3n","description":"MBH desarrolla estrategias de comunicaci\u00f3n en el \u00e1mbito cultural en Espa\u00f1a, generando proyectos personalizados y contenidos audiovisuales con una narrativa \u00fanica para su difusi\u00f3n en medios generalistas de m\u00e1xima audiencia.","publisher":{"@id":"https:\/\/mbhcomunicacion.com\/#organization"},"potentialAction":[{"@type":"SearchAction","target":{"@type":"EntryPoint","urlTemplate":"https:\/\/mbhcomunicacion.com\/?s={search_term_string}"},"query-input":{"@type":"PropertyValueSpecification","valueRequired":true,"valueName":"search_term_string"}}],"inLanguage":"en-GB"},{"@type":"Organization","@id":"https:\/\/mbhcomunicacion.com\/#organization","name":"MBH Comunicaci\u00f3n","url":"https:\/\/mbhcomunicacion.com\/","logo":{"@type":"ImageObject","inLanguage":"en-GB","@id":"https:\/\/mbhcomunicacion.com\/#\/schema\/logo\/image\/","url":"https:\/\/i0.wp.com\/mbhcomunicacion.es\/wp-content\/uploads\/2021\/12\/cabecera-web2.png?fit=2000%2C380&ssl=1","contentUrl":"https:\/\/i0.wp.com\/mbhcomunicacion.es\/wp-content\/uploads\/2021\/12\/cabecera-web2.png?fit=2000%2C380&ssl=1","width":2000,"height":380,"caption":"MBH Comunicaci\u00f3n"},"image":{"@id":"https:\/\/mbhcomunicacion.com\/#\/schema\/logo\/image\/"},"sameAs":["https:\/\/www.facebook.com\/MBHComunicacion","https:\/\/x.com\/MbhComunicacion","https:\/\/www.instagram.com\/mbh_comunicacion\/?hl=es","https:\/\/www.youtube.com\/channel\/UCfCmvO_r4M6rMH2-00qF1eA"]},{"@type":"Person","@id":"https:\/\/mbhcomunicacion.com\/#\/schema\/person\/73c1d9a856b729b55c5cc01e78e93126","name":"MBH COMUNICACI\u00d3N","image":{"@type":"ImageObject","inLanguage":"en-GB","@id":"https:\/\/secure.gravatar.com\/avatar\/4df1f849d1c24d0e8eba302f9e5816433aab4f78fb3efe56407b22ea0183742f?s=96&d=identicon&r=g","url":"https:\/\/secure.gravatar.com\/avatar\/4df1f849d1c24d0e8eba302f9e5816433aab4f78fb3efe56407b22ea0183742f?s=96&d=identicon&r=g","contentUrl":"https:\/\/secure.gravatar.com\/avatar\/4df1f849d1c24d0e8eba302f9e5816433aab4f78fb3efe56407b22ea0183742f?s=96&d=identicon&r=g","caption":"MBH COMUNICACI\u00d3N"},"description":"MBH es una agencia de comunicaci\u00f3n dirigida por Marcos Blanco, profesional con casi 20 a\u00f1os de experiencia en el sector y que ha sido anteriormente Responsable de Comunicaci\u00f3n y Marketing en IMPACTA (2016-2021). MBH desarrolla estrategias de comunicaci\u00f3n en el \u00e1mbito art\u00edstico y cultural en Espa\u00f1a, generando en torno a cada proyecto una narrativa personalizada y \u00fanica que posteriormente tiene difusi\u00f3n en medios generalistas y de m\u00e1xima audiencia. MBH garantiza la m\u00e1xima profesionalidad, un gran conocimiento del sector, de los medios de comunicaci\u00f3n y una pasi\u00f3n por el trabajo realizado que se percibe en esos peque\u00f1os detalles que marcan la diferencia desde el comienzo del proyecto.","sameAs":["http:\/\/www.marcosblancohermida.com"],"url":"https:\/\/mbhcomunicacion.com\/en\/author\/marcosblancohermida\/"}]}},"jetpack_publicize_connections":[],"jetpack_likes_enabled":true,"jetpack_sharing_enabled":true,"jetpack_shortlink":"https:\/\/wp.me\/pdAqD9-1N8","jetpack_featured_media_url":"https:\/\/i0.wp.com\/mbhcomunicacion.com\/wp-content\/uploads\/2025\/11\/1_Isabel-Dobarro_3.jpeg?fit=1600%2C1066&ssl=1","_links":{"self":[{"href":"https:\/\/mbhcomunicacion.com\/en\/wp-json\/wp\/v2\/posts\/6890","targetHints":{"allow":["GET"]}}],"collection":[{"href":"https:\/\/mbhcomunicacion.com\/en\/wp-json\/wp\/v2\/posts"}],"about":[{"href":"https:\/\/mbhcomunicacion.com\/en\/wp-json\/wp\/v2\/types\/post"}],"author":[{"embeddable":true,"href":"https:\/\/mbhcomunicacion.com\/en\/wp-json\/wp\/v2\/users\/42497691"}],"replies":[{"embeddable":true,"href":"https:\/\/mbhcomunicacion.com\/en\/wp-json\/wp\/v2\/comments?post=6890"}],"version-history":[{"count":3,"href":"https:\/\/mbhcomunicacion.com\/en\/wp-json\/wp\/v2\/posts\/6890\/revisions"}],"predecessor-version":[{"id":6894,"href":"https:\/\/mbhcomunicacion.com\/en\/wp-json\/wp\/v2\/posts\/6890\/revisions\/6894"}],"wp:featuredmedia":[{"embeddable":true,"href":"https:\/\/mbhcomunicacion.com\/en\/wp-json\/wp\/v2\/media\/6893"}],"wp:attachment":[{"href":"https:\/\/mbhcomunicacion.com\/en\/wp-json\/wp\/v2\/media?parent=6890"}],"wp:term":[{"taxonomy":"category","embeddable":true,"href":"https:\/\/mbhcomunicacion.com\/en\/wp-json\/wp\/v2\/categories?post=6890"},{"taxonomy":"post_tag","embeddable":true,"href":"https:\/\/mbhcomunicacion.com\/en\/wp-json\/wp\/v2\/tags?post=6890"}],"curies":[{"name":"wp","href":"https:\/\/api.w.org\/{rel}","templated":true}]}}